{"id":19628,"__str__":"Licen\u00e7a de Vereador n\u00ba 7 de 2023 | Mat\u00e9ria inclusa na Pauta | 04/09/2023","link_detail_backend":"/materia/tramitacao/19628","metadata":{},"timestamp":"2023-09-04T14:52:00.592822-03:00","data_tramitacao":"2023-09-04","data_encaminhamento":"2023-09-04","urgente":false,"turno":"","texto":"Deliberado para leitura em Sess\u00e3o Plen\u00e1ria e ap\u00f3s inclusa na Ordem do Dia para discuss\u00e3o e vota\u00e7\u00e3o.","data_fim_prazo":"2023-09-05","ip":"190.15.52.142","ultima_edicao":"2023-09-04T14:51:59.391519-03:00","status":59,"materia":3105,"unidade_tramitacao_local":16,"unidade_tramitacao_destino":12,"user":33}