{"id":128,"__str__":"Licen\u00e7a de Vereador n\u00ba 2 de 2015","link_detail_backend":"/materia/128","metadata":{},"numero":2,"ano":2015,"numero_protocolo":22,"data_apresentacao":"2015-02-09","tipo_apresentacao":"E","data_publicacao":null,"numero_origem_externa":"","ano_origem_externa":null,"data_origem_externa":null,"apelido":"","dias_prazo":null,"data_fim_prazo":null,"em_tramitacao":false,"polemica":null,"objeto":"","complementar":null,"ementa":"LICEN\u00c7A DO CARGO DE VEREADOR PARA O PER\u00cdODO DE 16 DE FEVEREIRO A 16 DE MAR\u00c7O DE 2015.","indexacao":"","observacao":"Protocolo n\u00ba 22/2015 de 09/02/2015, \u00e0s 13h 40mim.","resultado":"","texto_original":"http://sapl.serafinacorrea.rs.leg.br/media/sapl/public/materialegislativa/2015/128/128_texto_integral.pdf","data_ultima_atualizacao":"2018-10-11T12:15:37.657833-03:00","ip":"","ultima_edicao":null,"tipo":11,"regime_tramitacao":1,"tipo_origem_externa":null,"local_origem_externa":null,"user":null,"anexadas":[],"autores":[]}