{"id":9051,"__str__":"Reda\u00e7\u00e3o Final - Reda\u00e7\u00e3o Final do Projeto de Lei de 21/12/2023 por Presidente da C\u00e2mara","link_detail_backend":"/materia/documentoacessorio/9051","metadata":{"signs":{"arquivo":{"admin":[],"autores":[["Morgana de Fatima Tecchio",["2023-12-21T08:50:53-03:00","ICP-Brasil"]]]}}},"nome":"Reda\u00e7\u00e3o Final do Projeto de Lei","data":"2023-12-21","autor":"Presidente da C\u00e2mara","ementa":"","indexacao":"","arquivo":"http://sapl.serafinacorrea.rs.leg.br/media/sapl/public/documentoacessorio/2023/9051/pl-1662023_14.pdf","data_ultima_atualizacao":"2023-12-21T09:17:33.753200-03:00","materia":3211,"tipo":7}