{"id":2997,"__str__":"Reda\u00e7\u00e3o Final - Reda\u00e7\u00e3o Final de 17/12/2019 por Presidente da C\u00e2mara","link_detail_backend":"/materia/documentoacessorio/2997","metadata":{},"nome":"Reda\u00e7\u00e3o Final","data":"2019-12-17","autor":"Presidente da C\u00e2mara","ementa":"","indexacao":"","arquivo":"http://sapl.serafinacorrea.rs.leg.br/media/sapl/public/documentoacessorio/2019/2997/pl_1202019_007_redacao_final.pdf","data_ultima_atualizacao":"2019-12-19T14:56:44.088612-03:00","materia":1296,"tipo":7}