{"id":2302,"__str__":"Reda\u00e7\u00e3o Final - Reda\u00e7\u00e3o Final do Projeto de Lei de 06/05/2019 por Presidente da C\u00e2mara","link_detail_backend":"/materia/documentoacessorio/2302","metadata":{},"nome":"Reda\u00e7\u00e3o Final do Projeto de Lei","data":"2019-05-06","autor":"Presidente da C\u00e2mara","ementa":"","indexacao":"","arquivo":"http://sapl.serafinacorrea.rs.leg.br/media/sapl/public/documentoacessorio/2019/2302/pl_0402019_007_redacao_final.pdf","data_ultima_atualizacao":"2019-05-14T16:36:32.271945-03:00","materia":1141,"tipo":7}