{"id":18747,"__str__":"Reda\u00e7\u00e3o Final - Reda\u00e7\u00e3o Final do PL de 17/04/2026 por Presidente da C\u00e2mara","link_detail_backend":"/materia/documentoacessorio/18747","metadata":{"signs":{"arquivo":{"admin":[],"autores":[["Lucimar Zarpelon",["2026-04-07T09:36:04-03:00","ICP-Brasil - AC SyngularID Multipla"]]]}}},"nome":"Reda\u00e7\u00e3o Final do PL","data":"2026-04-17","autor":"Presidente da C\u00e2mara","ementa":"","indexacao":"","arquivo":"http://sapl.serafinacorrea.rs.leg.br/media/sapl/public/documentoacessorio/2026/18747/pl-0232026_14.pdf","data_ultima_atualizacao":"2026-04-17T14:56:11.578258-03:00","materia":5263,"tipo":7}