{"id":17015,"__str__":"Reda\u00e7\u00e3o Final - Reda\u00e7\u00e3o Final do PL de 04/11/2025 por Presidente da C\u00e2mara","link_detail_backend":"/materia/documentoacessorio/17015","metadata":{"signs":{"arquivo":{"admin":[],"autores":[["Morgana de Fatima Tecchio",["2025-11-04T10:51:19-03:00","ICP-Brasil"]]]}}},"nome":"Reda\u00e7\u00e3o Final do PL","data":"2025-11-04","autor":"Presidente da C\u00e2mara","ementa":"","indexacao":"","arquivo":"http://sapl.serafinacorrea.rs.leg.br/media/sapl/public/documentoacessorio/2025/17015/pl-0972025_19.pdf","data_ultima_atualizacao":"2025-11-04T11:44:30.855621-03:00","materia":5101,"tipo":7}