{"id":16760,"__str__":"Reda\u00e7\u00e3o Final - Reda\u00e7\u00e3o Final do PL de 07/10/2025 por Presidente da C\u00e2mara","link_detail_backend":"/materia/documentoacessorio/16760","metadata":{"signs":{"arquivo":{"admin":[],"autores":[["Morgana de Fatima Tecchio",["2025-10-07T10:54:43-03:00","ICP-Brasil"]]]}}},"nome":"Reda\u00e7\u00e3o Final do PL","data":"2025-10-07","autor":"Presidente da C\u00e2mara","ementa":"","indexacao":"","arquivo":"http://sapl.serafinacorrea.rs.leg.br/media/sapl/public/documentoacessorio/2025/16760/pl-1072025_8.pdf","data_ultima_atualizacao":"2025-10-07T14:40:09.394598-03:00","materia":5085,"tipo":7}