{"id":16591,"__str__":"Reda\u00e7\u00e3o Final - Reda\u00e7\u00e3o Final do PL de 23/09/2025 por Presidente da C\u00e2mara","link_detail_backend":"/materia/documentoacessorio/16591","metadata":{"signs":{"arquivo":{"admin":[],"autores":[["Morgana de Fatima Tecchio",["2025-09-23T15:01:47-03:00","ICP-Brasil"]]]}}},"nome":"Reda\u00e7\u00e3o Final do PL","data":"2025-09-23","autor":"Presidente da C\u00e2mara","ementa":"","indexacao":"","arquivo":"http://sapl.serafinacorrea.rs.leg.br/media/sapl/public/documentoacessorio/2025/16591/pl-1012025_10.pdf","data_ultima_atualizacao":"2025-09-23T16:04:04.166401-03:00","materia":5072,"tipo":7}