{"id":16494,"__str__":"Orienta\u00e7\u00e3o T\u00e9cnica - Parecer Cont\u00e1bil de 12/09/2025 por Contador","link_detail_backend":"/materia/documentoacessorio/16494","metadata":{"signs":{"arquivo":{"admin":[],"autores":[["Michael Falcao da Silva Sladek",["2025-09-12T13:39:22-03:00","Gov-Br"]]]}}},"nome":"Parecer Cont\u00e1bil","data":"2025-09-12","autor":"Contador","ementa":"","indexacao":"","arquivo":"http://sapl.serafinacorrea.rs.leg.br/media/sapl/public/documentoacessorio/2025/16494/pl-0962025_7.pdf","data_ultima_atualizacao":"2025-09-16T10:08:45.738129-03:00","materia":5064,"tipo":20}