{"id":16414,"__str__":"Reda\u00e7\u00e3o Final - Reda\u00e7\u00e3o Final do PL de 09/09/2025 por Presidente da C\u00e2mara","link_detail_backend":"/materia/documentoacessorio/16414","metadata":{"signs":{"arquivo":{"admin":[],"autores":[["Morgana de Fatima Tecchio",["2025-09-09T10:05:21-03:00","ICP-Brasil"]]]}}},"nome":"Reda\u00e7\u00e3o Final do PL","data":"2025-09-09","autor":"Presidente da C\u00e2mara","ementa":"","indexacao":"","arquivo":"http://sapl.serafinacorrea.rs.leg.br/media/sapl/public/documentoacessorio/2025/16414/pl-0772025_16.pdf","data_ultima_atualizacao":"2025-09-09T11:13:43.503651-03:00","materia":5035,"tipo":7}