{"id":15957,"__str__":"Reda\u00e7\u00e3o Final - Reda\u00e7\u00e3o Final do Projeto de Lei de 01/07/2025 por Presidente da C\u00e2mara","link_detail_backend":"/materia/documentoacessorio/15957","metadata":{"signs":{"arquivo":{"admin":[],"autores":[["Morgana de Fatima Tecchio",["2025-07-01T13:50:25-03:00","ICP-Brasil"]]]}}},"nome":"Reda\u00e7\u00e3o Final do Projeto de Lei","data":"2025-07-01","autor":"Presidente da C\u00e2mara","ementa":"","indexacao":"","arquivo":"http://sapl.serafinacorrea.rs.leg.br/media/sapl/public/documentoacessorio/2025/15957/pl-0642025_11.pdf","data_ultima_atualizacao":"2025-07-01T14:29:17.886118-03:00","materia":5012,"tipo":7}