{"id":15405,"__str__":"Correspond\u00eancia - Of\u00edcio Reda\u00e7\u00e3o Final de 06/05/2025 por Presidente da C\u00e2mara","link_detail_backend":"/materia/documentoacessorio/15405","metadata":{"signs":{"arquivo":{"admin":[],"autores":[["Morgana de Fatima Tecchio",["2025-05-06T11:07:30-03:00","ICP-Brasil"]]]}}},"nome":"Of\u00edcio Reda\u00e7\u00e3o Final","data":"2025-05-06","autor":"Presidente da C\u00e2mara","ementa":"","indexacao":"","arquivo":"http://sapl.serafinacorrea.rs.leg.br/media/sapl/public/documentoacessorio/2025/15405/pl-0452025_12.pdf","data_ultima_atualizacao":"2025-05-06T13:17:24.165553-03:00","materia":4959,"tipo":6}