{"id":14513,"__str__":"Reda\u00e7\u00e3o Final - Reda\u00e7\u00e3o Final do Projeto de Lei de 18/02/2025 por Presidente da C\u00e2mara","link_detail_backend":"/materia/documentoacessorio/14513","metadata":{"signs":{"arquivo":{"admin":[],"autores":[["Morgana de Fatima Tecchio",["2025-02-18T10:52:55-03:00","ICP-Brasil"]]]}}},"nome":"Reda\u00e7\u00e3o Final do Projeto de Lei","data":"2025-02-18","autor":"Presidente da C\u00e2mara","ementa":"","indexacao":"","arquivo":"http://sapl.serafinacorrea.rs.leg.br/media/sapl/public/documentoacessorio/2025/14513/pl-0062025_12.pdf","data_ultima_atualizacao":"2025-02-18T11:11:28.141655-03:00","materia":4863,"tipo":7}